{"id":10730,"date":"2025-10-21T14:06:32","date_gmt":"2025-10-21T14:06:32","guid":{"rendered":"https:\/\/www.conservatorialcoi.com\/beca-destudis-musicals-antonio-perez-verdu\/"},"modified":"2025-10-21T14:06:32","modified_gmt":"2025-10-21T14:06:32","slug":"beca-destudis-musicals-antonio-perez-verdu","status":"publish","type":"post","link":"https:\/\/www.conservatorialcoi.com\/ca\/beca-destudis-musicals-antonio-perez-verdu\/","title":{"rendered":"BECA D&#8217;ESTUDIS MUSICALS &#8220;ANTONIO P\u00c9REZ VERD\u00da&#8221;"},"content":{"rendered":"<p><a href=\"https:\/\/www.conservatorialcoi.com\/wp-content\/uploads\/2025\/10\/Beca.pdf\">L&#8217; <span class=\"html-span xdj266r x14z9mp xat24cr x1lziwak xexx8yu xyri2b x18d9i69 x1c1uobl x1hl2dhg x16tdsg8 x1vvkbs\"><span class=\"xt0psk2\"><span class=\"xjp7ctv\">Ajuntament d&#8217;Alcoi<\/span><\/span><\/span> convoca la Beca d&#8217;Estudis Musicals Antonio P\u00e9rez Verd\u00fa 2025.<\/a><\/p>\n<div class=\"x14z9mp xat24cr x1lziwak x1vvkbs xtlvy1s x126k92a\">\n<div dir=\"auto\">Termini presentaci\u00f3 sol\u00b7licituds: del 21 d&#8217;octubre al 4 de novembre.<\/div>\n<\/div>\n<div class=\"x14z9mp xat24cr x1lziwak x1vvkbs xtlvy1s x126k92a\">\n<div dir=\"auto\">Acc\u00e9sos directes a la Seu Electr\u00f2nica:<\/div>\n<div dir=\"auto\"><span class=\"html-span xdj266r x14z9mp xat24cr x1lziwak xexx8yu xyri2b x18d9i69 x1c1uobl x1hl2dhg x16tdsg8 x1vvkbs\"><a class=\"x1i10hfl xjbqb8w x1ejq31n x18oe1m7 x1sy0etr xstzfhl x972fbf x10w94by x1qhh985 x14e42zd x9f619 x1ypdohk xt0psk2 x3ct3a4 xdj266r x14z9mp xat24cr x1lziwak xexx8yu xyri2b x18d9i69 x1c1uobl x16tdsg8 x1hl2dhg xggy1nq x1a2a7pz xkrqix3 x1sur9pj x1fey0fg x1s688f\" tabindex=\"0\" role=\"link\" href=\"https:\/\/sedeelectronica.alcoi.org\/sta\/CarpetaPublic\/doEvent?APP_CODE=STA&amp;PAGE_CODE=CATALOGO&amp;lang=CA&amp;DETALLE=6269000027475732307711&amp;fbclid=IwZXh0bgNhZW0CMTAAYnJpZBEwVnlPaFlKckZmbm9TSkRMRgEeybgmzJ93FuAF1c-WnIIQPL6f2Zhwq4qBL7AwILzxSBKr4r-Y7ooqfmh7QgE_aem_w5BJ9BVMnryAHjtNf83dRQ\" target=\"_blank\" rel=\"nofollow noopener noreferrer\">https:\/\/sedeelectronica.alcoi.org\/&#8230;\/CarpetaP&#8230;\/doEvent&#8230;<\/a><\/span><\/div>\n<\/div>\n<div class=\"html-div xdj266r x14z9mp xat24cr x1lziwak xexx8yu xyri2b x18d9i69 x1c1uobl\" dir=\"auto\">\n<div class=\"html-div xdj266r x14z9mp xat24cr x1lziwak xexx8yu xyri2b x18d9i69 x1c1uobl\" dir=\"auto\">\n<div class=\"html-div xdj266r x14z9mp xat24cr x1lziwak xexx8yu xyri2b x18d9i69 x1c1uobl\" data-ad-rendering-role=\"story_message\">\n<div class=\"x1l90r2v x1iorvi4 x1g0dm76 xpdmqnj\" data-ad-comet-preview=\"message\" data-ad-preview=\"message\">\n<div class=\"x78zum5 xdt5ytf xz62fqu x16ldp7u\">\n<div class=\"xu06os2 x1ok221b\">\n<div class=\"html-div xdj266r x14z9mp xat24cr x1lziwak xexx8yu xyri2b x18d9i69 x1c1uobl\">\n<div class=\"x14z9mp xat24cr x1lziwak x1vvkbs xtlvy1s x126k92a\">\n<div dir=\"auto\">\u00a0<\/div>\n<\/div>\n<\/div>\n<\/div>\n<\/div>\n<\/div>\n<\/div>\n<\/div>\n<\/div>\n","protected":false},"excerpt":{"rendered":"<p>L&#8217; Ajuntament d&#8217;Alcoi convoca la Beca d&#8217;Estudis Musicals Antonio P\u00e9rez Verd\u00fa 2025. Termini presentaci\u00f3 sol\u00b7licituds: del 21 d&#8217;octubre al 4 de novembre. Acc\u00e9sos directes a la Seu Electr\u00f2nica: https:\/\/sedeelectronica.alcoi.org\/&#8230;\/CarpetaP&#8230;\/doEvent&#8230; \u00a0<\/p>\n","protected":false},"author":4,"featured_media":10727,"comment_status":"open","ping_status":"open","sticky":false,"template":"","format":"standard","meta":{"footnotes":""},"categories":[50],"tags":[51],"class_list":["post-10730","post","type-post","status-publish","format-standard","has-post-thumbnail","hentry","category-beques","tag-beca-antonio-perez-verdu-ca"],"yoast_head":"<!-- This site is optimized with the Yoast SEO plugin v27.3 - https:\/\/yoast.com\/product\/yoast-seo-wordpress\/ -->\n<title>BECA D&#039;ESTUDIS MUSICALS &quot;ANTONIO P\u00c9REZ VERD\u00da&quot; - Conservatori Professional de M\u00fasica Juan Cant\u00f3 en Alcoi<\/title>\n<meta name=\"robots\" content=\"index, follow, max-snippet:-1, max-image-preview:large, max-video-preview:-1\" \/>\n<link rel=\"canonical\" href=\"https:\/\/www.conservatorialcoi.com\/beca-de-estudios-musicales-antonio-perez-verdu\/\" \/>\n<meta property=\"og:locale\" content=\"ca_ES\" \/>\n<meta property=\"og:type\" content=\"article\" \/>\n<meta property=\"og:title\" content=\"BECA D&#039;ESTUDIS MUSICALS &quot;ANTONIO P\u00c9REZ VERD\u00da&quot; - Conservatori Professional de M\u00fasica Juan Cant\u00f3 en Alcoi\" \/>\n<meta property=\"og:description\" content=\"L&#8217; Ajuntament d&#8217;Alcoi convoca la Beca d&#8217;Estudis Musicals Antonio P\u00e9rez Verd\u00fa 2025. Termini presentaci\u00f3 sol\u00b7licituds: del 21 d&#8217;octubre al 4 de novembre. Acc\u00e9sos directes a la Seu Electr\u00f2nica: https:\/\/sedeelectronica.alcoi.org\/&#8230;\/CarpetaP&#8230;\/doEvent&#8230; \u00a0\" \/>\n<meta property=\"og:url\" content=\"https:\/\/www.conservatorialcoi.com\/beca-de-estudios-musicales-antonio-perez-verdu\/\" \/>\n<meta property=\"og:site_name\" content=\"Conservatori Professional de M\u00fasica Juan Cant\u00f3 en Alcoi\" \/>\n<meta property=\"article:published_time\" content=\"2025-10-21T14:06:32+00:00\" \/>\n<meta name=\"author\" content=\"geomiralles\" \/>\n<meta name=\"twitter:card\" content=\"summary_large_image\" \/>\n<meta name=\"twitter:label1\" content=\"Escrit per\" \/>\n\t<meta name=\"twitter:data1\" content=\"geomiralles\" \/>\n<script type=\"application\/ld+json\" class=\"yoast-schema-graph\">{\"@context\":\"https:\\\/\\\/schema.org\",\"@graph\":[{\"@type\":\"Article\",\"@id\":\"https:\\\/\\\/www.conservatorialcoi.com\\\/beca-de-estudios-musicales-antonio-perez-verdu\\\/#article\",\"isPartOf\":{\"@id\":\"https:\\\/\\\/www.conservatorialcoi.com\\\/beca-de-estudios-musicales-antonio-perez-verdu\\\/\"},\"author\":{\"name\":\"geomiralles\",\"@id\":\"https:\\\/\\\/www.conservatorialcoi.com\\\/#\\\/schema\\\/person\\\/e296a96c5b6534f560934e9d9547965b\"},\"headline\":\"BECA D&#8217;ESTUDIS MUSICALS &#8220;ANTONIO P\u00c9REZ VERD\u00da&#8221;\",\"datePublished\":\"2025-10-21T14:06:32+00:00\",\"mainEntityOfPage\":{\"@id\":\"https:\\\/\\\/www.conservatorialcoi.com\\\/beca-de-estudios-musicales-antonio-perez-verdu\\\/\"},\"wordCount\":42,\"commentCount\":0,\"image\":{\"@id\":\"https:\\\/\\\/www.conservatorialcoi.com\\\/beca-de-estudios-musicales-antonio-perez-verdu\\\/#primaryimage\"},\"thumbnailUrl\":\"https:\\\/\\\/www.conservatorialcoi.com\\\/wp-content\\\/uploads\\\/2025\\\/10\\\/Beca-1-pdf.jpg\",\"keywords\":[\"Beca \\\"Antonio P\u00e9rez Verd\u00fa\\\"\"],\"articleSection\":[\"Beques\"],\"inLanguage\":\"ca\",\"potentialAction\":[{\"@type\":\"CommentAction\",\"name\":\"Comment\",\"target\":[\"https:\\\/\\\/www.conservatorialcoi.com\\\/beca-de-estudios-musicales-antonio-perez-verdu\\\/#respond\"]}]},{\"@type\":\"WebPage\",\"@id\":\"https:\\\/\\\/www.conservatorialcoi.com\\\/beca-de-estudios-musicales-antonio-perez-verdu\\\/\",\"url\":\"https:\\\/\\\/www.conservatorialcoi.com\\\/beca-de-estudios-musicales-antonio-perez-verdu\\\/\",\"name\":\"BECA D'ESTUDIS MUSICALS \\\"ANTONIO P\u00c9REZ VERD\u00da\\\" - Conservatori Professional de M\u00fasica Juan Cant\u00f3 en Alcoi\",\"isPartOf\":{\"@id\":\"https:\\\/\\\/www.conservatorialcoi.com\\\/#website\"},\"primaryImageOfPage\":{\"@id\":\"https:\\\/\\\/www.conservatorialcoi.com\\\/beca-de-estudios-musicales-antonio-perez-verdu\\\/#primaryimage\"},\"image\":{\"@id\":\"https:\\\/\\\/www.conservatorialcoi.com\\\/beca-de-estudios-musicales-antonio-perez-verdu\\\/#primaryimage\"},\"thumbnailUrl\":\"https:\\\/\\\/www.conservatorialcoi.com\\\/wp-content\\\/uploads\\\/2025\\\/10\\\/Beca-1-pdf.jpg\",\"datePublished\":\"2025-10-21T14:06:32+00:00\",\"author\":{\"@id\":\"https:\\\/\\\/www.conservatorialcoi.com\\\/#\\\/schema\\\/person\\\/e296a96c5b6534f560934e9d9547965b\"},\"breadcrumb\":{\"@id\":\"https:\\\/\\\/www.conservatorialcoi.com\\\/beca-de-estudios-musicales-antonio-perez-verdu\\\/#breadcrumb\"},\"inLanguage\":\"ca\",\"potentialAction\":[{\"@type\":\"ReadAction\",\"target\":[\"https:\\\/\\\/www.conservatorialcoi.com\\\/beca-de-estudios-musicales-antonio-perez-verdu\\\/\"]}]},{\"@type\":\"ImageObject\",\"inLanguage\":\"ca\",\"@id\":\"https:\\\/\\\/www.conservatorialcoi.com\\\/beca-de-estudios-musicales-antonio-perez-verdu\\\/#primaryimage\",\"url\":\"https:\\\/\\\/www.conservatorialcoi.com\\\/wp-content\\\/uploads\\\/2025\\\/10\\\/Beca-1-pdf.jpg\",\"contentUrl\":\"https:\\\/\\\/www.conservatorialcoi.com\\\/wp-content\\\/uploads\\\/2025\\\/10\\\/Beca-1-pdf.jpg\"},{\"@type\":\"BreadcrumbList\",\"@id\":\"https:\\\/\\\/www.conservatorialcoi.com\\\/beca-de-estudios-musicales-antonio-perez-verdu\\\/#breadcrumb\",\"itemListElement\":[{\"@type\":\"ListItem\",\"position\":1,\"name\":\"Portada\",\"item\":\"https:\\\/\\\/www.conservatorialcoi.com\\\/ca\\\/\"},{\"@type\":\"ListItem\",\"position\":2,\"name\":\"BECA D&#8217;ESTUDIS MUSICALS \u00abANTONIO P\u00c9REZ VERD\u00da\u00bb\"}]},{\"@type\":\"WebSite\",\"@id\":\"https:\\\/\\\/www.conservatorialcoi.com\\\/#website\",\"url\":\"https:\\\/\\\/www.conservatorialcoi.com\\\/\",\"name\":\"Conservatori Professional de M\u00fasica Juan Cant\u00f3 en Alcoi\",\"description\":\"\",\"potentialAction\":[{\"@type\":\"SearchAction\",\"target\":{\"@type\":\"EntryPoint\",\"urlTemplate\":\"https:\\\/\\\/www.conservatorialcoi.com\\\/?s={search_term_string}\"},\"query-input\":{\"@type\":\"PropertyValueSpecification\",\"valueRequired\":true,\"valueName\":\"search_term_string\"}}],\"inLanguage\":\"ca\"},{\"@type\":\"Person\",\"@id\":\"https:\\\/\\\/www.conservatorialcoi.com\\\/#\\\/schema\\\/person\\\/e296a96c5b6534f560934e9d9547965b\",\"name\":\"geomiralles\",\"image\":{\"@type\":\"ImageObject\",\"inLanguage\":\"ca\",\"@id\":\"https:\\\/\\\/secure.gravatar.com\\\/avatar\\\/e957bb25a0de4dff650fbf352d0359f9ef6a6c1f542e2cc159a3ae6316f06326?s=96&d=mm&r=g\",\"url\":\"https:\\\/\\\/secure.gravatar.com\\\/avatar\\\/e957bb25a0de4dff650fbf352d0359f9ef6a6c1f542e2cc159a3ae6316f06326?s=96&d=mm&r=g\",\"contentUrl\":\"https:\\\/\\\/secure.gravatar.com\\\/avatar\\\/e957bb25a0de4dff650fbf352d0359f9ef6a6c1f542e2cc159a3ae6316f06326?s=96&d=mm&r=g\",\"caption\":\"geomiralles\"}}]}<\/script>\n<!-- \/ Yoast SEO plugin. -->","yoast_head_json":{"title":"BECA D'ESTUDIS MUSICALS \"ANTONIO P\u00c9REZ VERD\u00da\" - Conservatori Professional de M\u00fasica Juan Cant\u00f3 en Alcoi","robots":{"index":"index","follow":"follow","max-snippet":"max-snippet:-1","max-image-preview":"max-image-preview:large","max-video-preview":"max-video-preview:-1"},"canonical":"https:\/\/www.conservatorialcoi.com\/beca-de-estudios-musicales-antonio-perez-verdu\/","og_locale":"ca_ES","og_type":"article","og_title":"BECA D'ESTUDIS MUSICALS \"ANTONIO P\u00c9REZ VERD\u00da\" - Conservatori Professional de M\u00fasica Juan Cant\u00f3 en Alcoi","og_description":"L&#8217; Ajuntament d&#8217;Alcoi convoca la Beca d&#8217;Estudis Musicals Antonio P\u00e9rez Verd\u00fa 2025. Termini presentaci\u00f3 sol\u00b7licituds: del 21 d&#8217;octubre al 4 de novembre. Acc\u00e9sos directes a la Seu Electr\u00f2nica: https:\/\/sedeelectronica.alcoi.org\/&#8230;\/CarpetaP&#8230;\/doEvent&#8230; \u00a0","og_url":"https:\/\/www.conservatorialcoi.com\/beca-de-estudios-musicales-antonio-perez-verdu\/","og_site_name":"Conservatori Professional de M\u00fasica Juan Cant\u00f3 en Alcoi","article_published_time":"2025-10-21T14:06:32+00:00","author":"geomiralles","twitter_card":"summary_large_image","twitter_misc":{"Escrit per":"geomiralles"},"schema":{"@context":"https:\/\/schema.org","@graph":[{"@type":"Article","@id":"https:\/\/www.conservatorialcoi.com\/beca-de-estudios-musicales-antonio-perez-verdu\/#article","isPartOf":{"@id":"https:\/\/www.conservatorialcoi.com\/beca-de-estudios-musicales-antonio-perez-verdu\/"},"author":{"name":"geomiralles","@id":"https:\/\/www.conservatorialcoi.com\/#\/schema\/person\/e296a96c5b6534f560934e9d9547965b"},"headline":"BECA D&#8217;ESTUDIS MUSICALS &#8220;ANTONIO P\u00c9REZ VERD\u00da&#8221;","datePublished":"2025-10-21T14:06:32+00:00","mainEntityOfPage":{"@id":"https:\/\/www.conservatorialcoi.com\/beca-de-estudios-musicales-antonio-perez-verdu\/"},"wordCount":42,"commentCount":0,"image":{"@id":"https:\/\/www.conservatorialcoi.com\/beca-de-estudios-musicales-antonio-perez-verdu\/#primaryimage"},"thumbnailUrl":"https:\/\/www.conservatorialcoi.com\/wp-content\/uploads\/2025\/10\/Beca-1-pdf.jpg","keywords":["Beca \"Antonio P\u00e9rez Verd\u00fa\""],"articleSection":["Beques"],"inLanguage":"ca","potentialAction":[{"@type":"CommentAction","name":"Comment","target":["https:\/\/www.conservatorialcoi.com\/beca-de-estudios-musicales-antonio-perez-verdu\/#respond"]}]},{"@type":"WebPage","@id":"https:\/\/www.conservatorialcoi.com\/beca-de-estudios-musicales-antonio-perez-verdu\/","url":"https:\/\/www.conservatorialcoi.com\/beca-de-estudios-musicales-antonio-perez-verdu\/","name":"BECA D'ESTUDIS MUSICALS \"ANTONIO P\u00c9REZ VERD\u00da\" - Conservatori Professional de M\u00fasica Juan Cant\u00f3 en Alcoi","isPartOf":{"@id":"https:\/\/www.conservatorialcoi.com\/#website"},"primaryImageOfPage":{"@id":"https:\/\/www.conservatorialcoi.com\/beca-de-estudios-musicales-antonio-perez-verdu\/#primaryimage"},"image":{"@id":"https:\/\/www.conservatorialcoi.com\/beca-de-estudios-musicales-antonio-perez-verdu\/#primaryimage"},"thumbnailUrl":"https:\/\/www.conservatorialcoi.com\/wp-content\/uploads\/2025\/10\/Beca-1-pdf.jpg","datePublished":"2025-10-21T14:06:32+00:00","author":{"@id":"https:\/\/www.conservatorialcoi.com\/#\/schema\/person\/e296a96c5b6534f560934e9d9547965b"},"breadcrumb":{"@id":"https:\/\/www.conservatorialcoi.com\/beca-de-estudios-musicales-antonio-perez-verdu\/#breadcrumb"},"inLanguage":"ca","potentialAction":[{"@type":"ReadAction","target":["https:\/\/www.conservatorialcoi.com\/beca-de-estudios-musicales-antonio-perez-verdu\/"]}]},{"@type":"ImageObject","inLanguage":"ca","@id":"https:\/\/www.conservatorialcoi.com\/beca-de-estudios-musicales-antonio-perez-verdu\/#primaryimage","url":"https:\/\/www.conservatorialcoi.com\/wp-content\/uploads\/2025\/10\/Beca-1-pdf.jpg","contentUrl":"https:\/\/www.conservatorialcoi.com\/wp-content\/uploads\/2025\/10\/Beca-1-pdf.jpg"},{"@type":"BreadcrumbList","@id":"https:\/\/www.conservatorialcoi.com\/beca-de-estudios-musicales-antonio-perez-verdu\/#breadcrumb","itemListElement":[{"@type":"ListItem","position":1,"name":"Portada","item":"https:\/\/www.conservatorialcoi.com\/ca\/"},{"@type":"ListItem","position":2,"name":"BECA D&#8217;ESTUDIS MUSICALS \u00abANTONIO P\u00c9REZ VERD\u00da\u00bb"}]},{"@type":"WebSite","@id":"https:\/\/www.conservatorialcoi.com\/#website","url":"https:\/\/www.conservatorialcoi.com\/","name":"Conservatori Professional de M\u00fasica Juan Cant\u00f3 en Alcoi","description":"","potentialAction":[{"@type":"SearchAction","target":{"@type":"EntryPoint","urlTemplate":"https:\/\/www.conservatorialcoi.com\/?s={search_term_string}"},"query-input":{"@type":"PropertyValueSpecification","valueRequired":true,"valueName":"search_term_string"}}],"inLanguage":"ca"},{"@type":"Person","@id":"https:\/\/www.conservatorialcoi.com\/#\/schema\/person\/e296a96c5b6534f560934e9d9547965b","name":"geomiralles","image":{"@type":"ImageObject","inLanguage":"ca","@id":"https:\/\/secure.gravatar.com\/avatar\/e957bb25a0de4dff650fbf352d0359f9ef6a6c1f542e2cc159a3ae6316f06326?s=96&d=mm&r=g","url":"https:\/\/secure.gravatar.com\/avatar\/e957bb25a0de4dff650fbf352d0359f9ef6a6c1f542e2cc159a3ae6316f06326?s=96&d=mm&r=g","contentUrl":"https:\/\/secure.gravatar.com\/avatar\/e957bb25a0de4dff650fbf352d0359f9ef6a6c1f542e2cc159a3ae6316f06326?s=96&d=mm&r=g","caption":"geomiralles"}}]}},"_links":{"self":[{"href":"https:\/\/www.conservatorialcoi.com\/ca\/wp-json\/wp\/v2\/posts\/10730","targetHints":{"allow":["GET"]}}],"collection":[{"href":"https:\/\/www.conservatorialcoi.com\/ca\/wp-json\/wp\/v2\/posts"}],"about":[{"href":"https:\/\/www.conservatorialcoi.com\/ca\/wp-json\/wp\/v2\/types\/post"}],"author":[{"embeddable":true,"href":"https:\/\/www.conservatorialcoi.com\/ca\/wp-json\/wp\/v2\/users\/4"}],"replies":[{"embeddable":true,"href":"https:\/\/www.conservatorialcoi.com\/ca\/wp-json\/wp\/v2\/comments?post=10730"}],"version-history":[{"count":0,"href":"https:\/\/www.conservatorialcoi.com\/ca\/wp-json\/wp\/v2\/posts\/10730\/revisions"}],"wp:featuredmedia":[{"embeddable":true,"href":"https:\/\/www.conservatorialcoi.com\/ca\/wp-json\/wp\/v2\/media\/10727"}],"wp:attachment":[{"href":"https:\/\/www.conservatorialcoi.com\/ca\/wp-json\/wp\/v2\/media?parent=10730"}],"wp:term":[{"taxonomy":"category","embeddable":true,"href":"https:\/\/www.conservatorialcoi.com\/ca\/wp-json\/wp\/v2\/categories?post=10730"},{"taxonomy":"post_tag","embeddable":true,"href":"https:\/\/www.conservatorialcoi.com\/ca\/wp-json\/wp\/v2\/tags?post=10730"}],"curies":[{"name":"wp","href":"https:\/\/api.w.org\/{rel}","templated":true}]}}